{"id":253,"date":"2014-04-15T21:47:31","date_gmt":"2014-04-15T18:47:31","guid":{"rendered":"http:\/\/kymenlaaksonosakunta.fi\/seniorit\/?p=253"},"modified":"2014-04-16T06:52:35","modified_gmt":"2014-04-16T03:52:35","slug":"vuosikokouksen-2014-kuulumisia","status":"publish","type":"post","link":"http:\/\/kymenlaaksonosakunta.fi\/seniorit\/vuosikokouksen-2014-kuulumisia\/","title":{"rendered":"Vuosikokouksen 2014 kuulumisia"},"content":{"rendered":"<p>Seniorit ry:n j\u00e4senet kokoontuivat s\u00e4\u00e4nt\u00f6muutos- ja vuosikokouksen merkeiss\u00e4 sunnuntaina 6.4.2014.<\/p>\n<p style=\"text-align: center;\"><img loading=\"lazy\" decoding=\"async\" class=\"aligncenter  wp-image-255\" alt=\"IMG_6638\" src=\"http:\/\/kymenlaaksonosakunta.fi\/seniorit\/wp-content\/uploads\/2014\/04\/IMG_6638-1024x682.jpg\" width=\"594\" height=\"395\" srcset=\"http:\/\/kymenlaaksonosakunta.fi\/seniorit\/wp-content\/uploads\/2014\/04\/IMG_6638-1024x682.jpg 1024w, http:\/\/kymenlaaksonosakunta.fi\/seniorit\/wp-content\/uploads\/2014\/04\/IMG_6638-300x200.jpg 300w\" sizes=\"auto, (max-width: 594px) 100vw, 594px\" \/><\/p>\n<p>Kokouksessa hyv\u00e4ksyttiin uudet s\u00e4\u00e4nn\u00f6t ja valittiin uusi hallitus toimikaudelle\u00a02014\u20132015:<\/p>\n<ul>\n<li>Joni Vehmas (puheenjohtaja)<\/li>\n<li>Mari H\u00e4kkinen (sihteeri)<\/li>\n<li>Antti Forsell (taloudenhoitaja)<\/li>\n<li>Milja Ahtosalo (varapuheenjohtaja)<\/li>\n<li>Laura Hirvisaari<\/li>\n<li>Lotta Mustamo<\/li>\n<\/ul>\n<div>\n<p>Lis\u00e4ksi toiminnantarkastajaksi valittiin Mika Koski ja varatoiminnantarkastajaksi Antti Raappana.<\/p>\n<p>Onnea valituille!<\/p>\n<p style=\"text-align: center;\"><a href=\"http:\/\/kymenlaaksonosakunta.fi\/seniorit\/wp-content\/uploads\/2014\/04\/IMG_6636-e1397587154831.jpg\"><img loading=\"lazy\" decoding=\"async\" class=\"aligncenter  wp-image-254\" alt=\"IMG_6636\" src=\"http:\/\/kymenlaaksonosakunta.fi\/seniorit\/wp-content\/uploads\/2014\/04\/IMG_6636-e1397587154831-682x1024.jpg\" width=\"462\" height=\"693\" srcset=\"http:\/\/kymenlaaksonosakunta.fi\/seniorit\/wp-content\/uploads\/2014\/04\/IMG_6636-e1397587154831-682x1024.jpg 682w, http:\/\/kymenlaaksonosakunta.fi\/seniorit\/wp-content\/uploads\/2014\/04\/IMG_6636-e1397587154831-200x300.jpg 200w\" sizes=\"auto, (max-width: 462px) 100vw, 462px\" \/><\/a><\/p>\n<p>Kokouksen p\u00e4\u00e4tteeksi nautittiin perinteiseen malliin herkullinen brunssi.<\/p>\n<p style=\"text-align: center;\"><a href=\"http:\/\/kymenlaaksonosakunta.fi\/seniorit\/wp-content\/uploads\/2014\/04\/IMG_6649.jpg\"><img loading=\"lazy\" decoding=\"async\" class=\"wp-image-257 aligncenter\" alt=\"IMG_6649\" src=\"http:\/\/kymenlaaksonosakunta.fi\/seniorit\/wp-content\/uploads\/2014\/04\/IMG_6649-1024x682.jpg\" width=\"528\" height=\"351\" srcset=\"http:\/\/kymenlaaksonosakunta.fi\/seniorit\/wp-content\/uploads\/2014\/04\/IMG_6649-1024x682.jpg 1024w, http:\/\/kymenlaaksonosakunta.fi\/seniorit\/wp-content\/uploads\/2014\/04\/IMG_6649-300x200.jpg 300w\" sizes=\"auto, (max-width: 528px) 100vw, 528px\" \/><\/a><a href=\"http:\/\/kymenlaaksonosakunta.fi\/seniorit\/wp-content\/uploads\/2014\/04\/IMG_6640.jpg\"><img loading=\"lazy\" decoding=\"async\" class=\"wp-image-256 aligncenter\" alt=\"IMG_6640\" src=\"http:\/\/kymenlaaksonosakunta.fi\/seniorit\/wp-content\/uploads\/2014\/04\/IMG_6640-1024x682.jpg\" width=\"535\" height=\"356\" srcset=\"http:\/\/kymenlaaksonosakunta.fi\/seniorit\/wp-content\/uploads\/2014\/04\/IMG_6640-1024x682.jpg 1024w, http:\/\/kymenlaaksonosakunta.fi\/seniorit\/wp-content\/uploads\/2014\/04\/IMG_6640-300x200.jpg 300w\" sizes=\"auto, (max-width: 535px) 100vw, 535px\" \/><\/a><\/p>\n<\/div>\n","protected":false},"excerpt":{"rendered":"<p>Seniorit ry:n j\u00e4senet kokoontuivat s\u00e4\u00e4nt\u00f6muutos- ja vuosikokouksen merkeiss\u00e4 sunnuntaina 6.4.2014. Kokouksessa hyv\u00e4ksyttiin uudet s\u00e4\u00e4nn\u00f6t ja valittiin uusi hallitus toimikaudelle\u00a02014\u20132015: Joni Vehmas (puheenjohtaja) Mari H\u00e4kkinen (sihteeri) Antti Forsell (taloudenhoitaja) Milja Ahtosalo (varapuheenjohtaja) Laura Hirvisaari Lotta Mustamo Lis\u00e4ksi toiminnantarkastajaksi valittiin Mika Koski ja varatoiminnantarkastajaksi Antti Raappana. Onnea valituille! Kokouksen p\u00e4\u00e4tteeksi nautittiin perinteiseen malliin herkullinen brunssi.<\/p>\n","protected":false},"author":1,"featured_media":0,"comment_status":"closed","ping_status":"open","sticky":false,"template":"","format":"standard","meta":{"footnotes":""},"categories":[1],"tags":[],"class_list":["post-253","post","type-post","status-publish","format-standard","hentry","category-ajankohtaista"],"_links":{"self":[{"href":"http:\/\/kymenlaaksonosakunta.fi\/seniorit\/wp-json\/wp\/v2\/posts\/253","targetHints":{"allow":["GET"]}}],"collection":[{"href":"http:\/\/kymenlaaksonosakunta.fi\/seniorit\/wp-json\/wp\/v2\/posts"}],"about":[{"href":"http:\/\/kymenlaaksonosakunta.fi\/seniorit\/wp-json\/wp\/v2\/types\/post"}],"author":[{"embeddable":true,"href":"http:\/\/kymenlaaksonosakunta.fi\/seniorit\/wp-json\/wp\/v2\/users\/1"}],"replies":[{"embeddable":true,"href":"http:\/\/kymenlaaksonosakunta.fi\/seniorit\/wp-json\/wp\/v2\/comments?post=253"}],"version-history":[{"count":4,"href":"http:\/\/kymenlaaksonosakunta.fi\/seniorit\/wp-json\/wp\/v2\/posts\/253\/revisions"}],"predecessor-version":[{"id":262,"href":"http:\/\/kymenlaaksonosakunta.fi\/seniorit\/wp-json\/wp\/v2\/posts\/253\/revisions\/262"}],"wp:attachment":[{"href":"http:\/\/kymenlaaksonosakunta.fi\/seniorit\/wp-json\/wp\/v2\/media?parent=253"}],"wp:term":[{"taxonomy":"category","embeddable":true,"href":"http:\/\/kymenlaaksonosakunta.fi\/seniorit\/wp-json\/wp\/v2\/categories?post=253"},{"taxonomy":"post_tag","embeddable":true,"href":"http:\/\/kymenlaaksonosakunta.fi\/seniorit\/wp-json\/wp\/v2\/tags?post=253"}],"curies":[{"name":"wp","href":"https:\/\/api.w.org\/{rel}","templated":true}]}}