{"id":542,"date":"2016-04-26T19:55:34","date_gmt":"2016-04-26T16:55:34","guid":{"rendered":"http:\/\/kymenlaaksonosakunta.fi\/seniorit\/?p=542"},"modified":"2016-04-26T19:56:39","modified_gmt":"2016-04-26T16:56:39","slug":"kevaan-2016-kokouskuulumisia","status":"publish","type":"post","link":"http:\/\/kymenlaaksonosakunta.fi\/seniorit\/kevaan-2016-kokouskuulumisia\/","title":{"rendered":"Kev\u00e4\u00e4n 2016 kokouskuulumisia"},"content":{"rendered":"<p>Kev\u00e4inen tervehdys senioreille!<\/p>\n<p>Sunnuntaina 10.4. pidettiin vuosikokous, jossa valittiin <strong>Milja Ahtosalo<\/strong> jatkamaan j\u00e4rjest\u00f6n puheenjohtajana.<\/p>\n<p>Lis\u00e4ksi hallitukseen valittiin <strong>Mari H\u00e4kkinen<\/strong> (varapj), <strong>Sini Lepp\u00e4nen<\/strong> (taloudenhoitaja), <strong>Annika Pousi<\/strong> (j\u00e4senrekisterivastaava) ja <strong>Maria R\u00e4m\u00f6<\/strong> (sihteeri).<br \/>\nKiitos my\u00f6s hallitusty\u00f6skentelyns\u00e4 t\u00e4h\u00e4n kauteen p\u00e4\u00e4tt\u00e4neille <strong>Antille, Maijulle<\/strong> ja <strong>Jonille<\/strong>!<\/p>\n<p>Toiminnantarkastajana jatkaa <strong>Mika Koski<\/strong>. Varatoiminnantarkastajaksi valittiin <strong>Jani Bohm<\/strong>.<\/p>\n<p>Kokouksessa p\u00e4\u00e4tettiin, ett\u00e4 vuoden 2016 j\u00e4senmaksu on 20 euroa ja Kyps\u00e4-tuki 5 euroa.<br \/>\nJ\u00e4senmaksun maksuohjeet n\u00e4kyv\u00e4t <a href=\"http:\/\/kymenlaaksonosakunta.fi\/seniorit\/jaseneksi\/\">J\u00e4seneksi<\/a>-sivulla.<br \/>\nSamalla sivulla on my\u00f6s j\u00e4sentietolomake, jonka pyyd\u00e4mme t\u00e4ytt\u00e4m\u00e4\u00e4n, jos et ole viel\u00e4 sit\u00e4 t\u00e4ytt\u00e4nyt.<\/p>\n","protected":false},"excerpt":{"rendered":"<p>Kev\u00e4inen tervehdys senioreille! Sunnuntaina 10.4. pidettiin vuosikokous, jossa valittiin Milja Ahtosalo jatkamaan j\u00e4rjest\u00f6n puheenjohtajana. Lis\u00e4ksi hallitukseen valittiin Mari H\u00e4kkinen (varapj), Sini Lepp\u00e4nen (taloudenhoitaja), Annika Pousi (j\u00e4senrekisterivastaava) ja Maria R\u00e4m\u00f6 (sihteeri). Kiitos my\u00f6s hallitusty\u00f6skentelyns\u00e4 t\u00e4h\u00e4n kauteen p\u00e4\u00e4tt\u00e4neille Antille, Maijulle ja Jonille! Toiminnantarkastajana jatkaa Mika Koski. Varatoiminnantarkastajaksi valittiin Jani Bohm. Kokouksessa p\u00e4\u00e4tettiin, ett\u00e4 vuoden 2016 j\u00e4senmaksu on &hellip; <a href=\"http:\/\/kymenlaaksonosakunta.fi\/seniorit\/kevaan-2016-kokouskuulumisia\/\" class=\"more-link\">Jatka artikkeliin <span class=\"screen-reader-text\">Kev\u00e4\u00e4n 2016 kokouskuulumisia<\/span><\/a><\/p>\n","protected":false},"author":1,"featured_media":0,"comment_status":"closed","ping_status":"open","sticky":false,"template":"","format":"standard","meta":{"footnotes":""},"categories":[1],"tags":[],"class_list":["post-542","post","type-post","status-publish","format-standard","hentry","category-ajankohtaista"],"_links":{"self":[{"href":"http:\/\/kymenlaaksonosakunta.fi\/seniorit\/wp-json\/wp\/v2\/posts\/542","targetHints":{"allow":["GET"]}}],"collection":[{"href":"http:\/\/kymenlaaksonosakunta.fi\/seniorit\/wp-json\/wp\/v2\/posts"}],"about":[{"href":"http:\/\/kymenlaaksonosakunta.fi\/seniorit\/wp-json\/wp\/v2\/types\/post"}],"author":[{"embeddable":true,"href":"http:\/\/kymenlaaksonosakunta.fi\/seniorit\/wp-json\/wp\/v2\/users\/1"}],"replies":[{"embeddable":true,"href":"http:\/\/kymenlaaksonosakunta.fi\/seniorit\/wp-json\/wp\/v2\/comments?post=542"}],"version-history":[{"count":3,"href":"http:\/\/kymenlaaksonosakunta.fi\/seniorit\/wp-json\/wp\/v2\/posts\/542\/revisions"}],"predecessor-version":[{"id":545,"href":"http:\/\/kymenlaaksonosakunta.fi\/seniorit\/wp-json\/wp\/v2\/posts\/542\/revisions\/545"}],"wp:attachment":[{"href":"http:\/\/kymenlaaksonosakunta.fi\/seniorit\/wp-json\/wp\/v2\/media?parent=542"}],"wp:term":[{"taxonomy":"category","embeddable":true,"href":"http:\/\/kymenlaaksonosakunta.fi\/seniorit\/wp-json\/wp\/v2\/categories?post=542"},{"taxonomy":"post_tag","embeddable":true,"href":"http:\/\/kymenlaaksonosakunta.fi\/seniorit\/wp-json\/wp\/v2\/tags?post=542"}],"curies":[{"name":"wp","href":"https:\/\/api.w.org\/{rel}","templated":true}]}}