{"id":678,"date":"2018-04-15T14:57:12","date_gmt":"2018-04-15T11:57:12","guid":{"rendered":"http:\/\/kymenlaaksonosakunta.fi\/seniorit\/?p=678"},"modified":"2018-04-15T15:45:13","modified_gmt":"2018-04-15T12:45:13","slug":"kokouskuulumisia-2018","status":"publish","type":"post","link":"http:\/\/kymenlaaksonosakunta.fi\/seniorit\/kokouskuulumisia-2018\/","title":{"rendered":"Kokouskuulumisia 2018"},"content":{"rendered":"<p>Vuosikokouksessa 11.3.2018 valittiin hallitus toimikaudelle 2018\u20132019:<\/p>\n<p><strong>Annika Pousi<\/strong> (pj)<br \/>\n<strong>Sini Lepp\u00e4nen<\/strong><br \/>\n<strong>Joni Salo<span class=\"text_exposed_show\"><br \/>\nMaaria Haavisto<br \/>\nJoni M\u00e4kel\u00e4<\/span><\/strong><\/p>\n<div class=\"text_exposed_show\">\n<p>Toiminnantarkastajaksi ja varaksi valittiin <strong>Jani Bohm<\/strong> ja <strong>Joni Vehmas<\/strong>.<\/p>\n<p>Kiitokset\u00a0<strong>Milja Ahtosalo-Louhirannalle\u00a0<\/strong>puheenjohtajana toimimisesta kuluneina kausina, ja\u00a0<strong>Saara Ollikaiselle\u00a0<\/strong>toiminnasta hallituksessa 2017-2018! Kiitokset my\u00f6s <strong>Mika Koskelle\u00a0<\/strong>toiminnantarkastajan teht\u00e4v\u00e4n hoidosta kuluneina vuosina!<\/p>\n<\/div>\n","protected":false},"excerpt":{"rendered":"<p>Vuosikokouksessa 11.3.2018 valittiin hallitus toimikaudelle 2018\u20132019: Annika Pousi (pj) Sini Lepp\u00e4nen Joni Salo Maaria Haavisto Joni M\u00e4kel\u00e4 Toiminnantarkastajaksi ja varaksi valittiin Jani Bohm ja Joni Vehmas. Kiitokset\u00a0Milja Ahtosalo-Louhirannalle\u00a0puheenjohtajana toimimisesta kuluneina kausina, ja\u00a0Saara Ollikaiselle\u00a0toiminnasta hallituksessa 2017-2018! Kiitokset my\u00f6s Mika Koskelle\u00a0toiminnantarkastajan teht\u00e4v\u00e4n hoidosta kuluneina vuosina!<\/p>\n","protected":false},"author":1,"featured_media":0,"comment_status":"closed","ping_status":"open","sticky":false,"template":"","format":"standard","meta":{"footnotes":""},"categories":[1],"tags":[],"class_list":["post-678","post","type-post","status-publish","format-standard","hentry","category-ajankohtaista"],"_links":{"self":[{"href":"http:\/\/kymenlaaksonosakunta.fi\/seniorit\/wp-json\/wp\/v2\/posts\/678","targetHints":{"allow":["GET"]}}],"collection":[{"href":"http:\/\/kymenlaaksonosakunta.fi\/seniorit\/wp-json\/wp\/v2\/posts"}],"about":[{"href":"http:\/\/kymenlaaksonosakunta.fi\/seniorit\/wp-json\/wp\/v2\/types\/post"}],"author":[{"embeddable":true,"href":"http:\/\/kymenlaaksonosakunta.fi\/seniorit\/wp-json\/wp\/v2\/users\/1"}],"replies":[{"embeddable":true,"href":"http:\/\/kymenlaaksonosakunta.fi\/seniorit\/wp-json\/wp\/v2\/comments?post=678"}],"version-history":[{"count":2,"href":"http:\/\/kymenlaaksonosakunta.fi\/seniorit\/wp-json\/wp\/v2\/posts\/678\/revisions"}],"predecessor-version":[{"id":687,"href":"http:\/\/kymenlaaksonosakunta.fi\/seniorit\/wp-json\/wp\/v2\/posts\/678\/revisions\/687"}],"wp:attachment":[{"href":"http:\/\/kymenlaaksonosakunta.fi\/seniorit\/wp-json\/wp\/v2\/media?parent=678"}],"wp:term":[{"taxonomy":"category","embeddable":true,"href":"http:\/\/kymenlaaksonosakunta.fi\/seniorit\/wp-json\/wp\/v2\/categories?post=678"},{"taxonomy":"post_tag","embeddable":true,"href":"http:\/\/kymenlaaksonosakunta.fi\/seniorit\/wp-json\/wp\/v2\/tags?post=678"}],"curies":[{"name":"wp","href":"https:\/\/api.w.org\/{rel}","templated":true}]}}