{"id":707,"date":"2019-04-17T16:44:41","date_gmt":"2019-04-17T13:44:41","guid":{"rendered":"http:\/\/kymenlaaksonosakunta.fi\/seniorit\/?p=707"},"modified":"2019-04-17T16:44:41","modified_gmt":"2019-04-17T13:44:41","slug":"kokouskuulumisia-2019","status":"publish","type":"post","link":"http:\/\/kymenlaaksonosakunta.fi\/seniorit\/kokouskuulumisia-2019\/","title":{"rendered":"Kokouskuulumisia 2019"},"content":{"rendered":"<p>Uusi kausi senioreiden toiminnassa on taas py\u00f6r\u00e4ht\u00e4nyt k\u00e4yntiin, ja vuosikokouksessa valittu hallitus on aloittanut toimintansa vuosille 2019-2020.<\/p>\n<div>Puheenjohtajana jatkaa <strong>Annika Pousi<\/strong> ja hallituksessa\u00a0 toimivat lis\u00e4ksi<\/div>\n<div><strong>Ester Pentti<\/strong> (varapj)<\/div>\n<div><strong>Sini Lepp\u00e4nen<\/strong> (taloudenhoitaja)<\/div>\n<div><strong>Joni Salo<\/strong> (j\u00e4senrekisterivastaava)<\/div>\n<div><strong>Maaria Haavisto<\/strong> (nettivastaava)<\/div>\n<div><strong>Joni M\u00e4kel\u00e4<\/strong><\/div>\n<div class=\"text_exposed_show\">\n<p>&nbsp;<\/p>\n<p>Toiminnantarkastajana jatkaa\u00a0\u00a0<strong>Jani Bohm<\/strong> ja varatoiminnantarkastajana\u00a0<strong>Joni Vehmas<\/strong>.<\/p>\n<\/div>\n","protected":false},"excerpt":{"rendered":"<p>Uusi kausi senioreiden toiminnassa on taas py\u00f6r\u00e4ht\u00e4nyt k\u00e4yntiin, ja vuosikokouksessa valittu hallitus on aloittanut toimintansa vuosille 2019-2020. Puheenjohtajana jatkaa Annika Pousi ja hallituksessa\u00a0 toimivat lis\u00e4ksi Ester Pentti (varapj) Sini Lepp\u00e4nen (taloudenhoitaja) Joni Salo (j\u00e4senrekisterivastaava) Maaria Haavisto (nettivastaava) Joni M\u00e4kel\u00e4 &nbsp; Toiminnantarkastajana jatkaa\u00a0\u00a0Jani Bohm ja varatoiminnantarkastajana\u00a0Joni Vehmas.<\/p>\n","protected":false},"author":1,"featured_media":0,"comment_status":"closed","ping_status":"open","sticky":false,"template":"","format":"standard","meta":{"footnotes":""},"categories":[1],"tags":[],"class_list":["post-707","post","type-post","status-publish","format-standard","hentry","category-ajankohtaista"],"_links":{"self":[{"href":"http:\/\/kymenlaaksonosakunta.fi\/seniorit\/wp-json\/wp\/v2\/posts\/707","targetHints":{"allow":["GET"]}}],"collection":[{"href":"http:\/\/kymenlaaksonosakunta.fi\/seniorit\/wp-json\/wp\/v2\/posts"}],"about":[{"href":"http:\/\/kymenlaaksonosakunta.fi\/seniorit\/wp-json\/wp\/v2\/types\/post"}],"author":[{"embeddable":true,"href":"http:\/\/kymenlaaksonosakunta.fi\/seniorit\/wp-json\/wp\/v2\/users\/1"}],"replies":[{"embeddable":true,"href":"http:\/\/kymenlaaksonosakunta.fi\/seniorit\/wp-json\/wp\/v2\/comments?post=707"}],"version-history":[{"count":18,"href":"http:\/\/kymenlaaksonosakunta.fi\/seniorit\/wp-json\/wp\/v2\/posts\/707\/revisions"}],"predecessor-version":[{"id":725,"href":"http:\/\/kymenlaaksonosakunta.fi\/seniorit\/wp-json\/wp\/v2\/posts\/707\/revisions\/725"}],"wp:attachment":[{"href":"http:\/\/kymenlaaksonosakunta.fi\/seniorit\/wp-json\/wp\/v2\/media?parent=707"}],"wp:term":[{"taxonomy":"category","embeddable":true,"href":"http:\/\/kymenlaaksonosakunta.fi\/seniorit\/wp-json\/wp\/v2\/categories?post=707"},{"taxonomy":"post_tag","embeddable":true,"href":"http:\/\/kymenlaaksonosakunta.fi\/seniorit\/wp-json\/wp\/v2\/tags?post=707"}],"curies":[{"name":"wp","href":"https:\/\/api.w.org\/{rel}","templated":true}]}}