{"id":769,"date":"2020-03-18T22:19:43","date_gmt":"2020-03-18T20:19:43","guid":{"rendered":"http:\/\/kymenlaaksonosakunta.fi\/seniorit\/?p=769"},"modified":"2020-03-18T22:19:43","modified_gmt":"2020-03-18T20:19:43","slug":"vuosikokous-siirtyy","status":"publish","type":"post","link":"http:\/\/kymenlaaksonosakunta.fi\/seniorit\/vuosikokous-siirtyy\/","title":{"rendered":"Vuosikokous siirtyy"},"content":{"rendered":"<p>Kymenlaakson Osakunnan Seniorit ry:n vuosikokous siirret\u00e4\u00e4n.<\/p>\n<p>Hallitus linjasi 16. maaliskuuta 2020 lis\u00e4toimenpiteist\u00e4 koronavirustilanteen hoitamiseksi Suomessa. Osana n\u00e4it\u00e4 toimenpiteit\u00e4 julkiset kokoontumiset rajoitetaan kymmeneen henkil\u00f6\u00f6n ja tarpeetonta oleilua yleisill\u00e4 paikoilla suositellaan v\u00e4ltt\u00e4m\u00e4\u00e4n.<\/p>\n<p>Kymenlaakson Osakunnan Seniorit ry noudattaa hallituksen asettamia suosituksia ja linjauksia, mink\u00e4 vuoksi j\u00e4rjest\u00f6n hallitus on p\u00e4\u00e4tt\u00e4nyt siirt\u00e4\u00e4 vuosikokouksen osana poikkeusolojen toimenpiteit\u00e4 my\u00f6hemp\u00e4\u00e4n ajankohtaan.<\/p>\n<p><strong>Sunnuntaille 22.3.2020 koolle kutsuttua vuosikokousta ei j\u00e4rjestet\u00e4 mainittuna ajankohtana.<\/strong><\/p>\n<p>Vuosikokous kutsutaan mahdollisuuksien mukaan koolle my\u00f6hemmin kev\u00e4\u00e4ll\u00e4.\u00a0Poikkeusolojen\u00a0jatkuessa j\u00e4rjest\u00f6n hallitus tiedottaa j\u00e4senist\u00f6\u00e4\u00e4n jatkosta ja mahdollisista korvaavista kokousk\u00e4yt\u00e4nn\u00f6ist\u00e4.<\/p>\n","protected":false},"excerpt":{"rendered":"<p>Kymenlaakson Osakunnan Seniorit ry:n vuosikokous siirret\u00e4\u00e4n. Hallitus linjasi 16. maaliskuuta 2020 lis\u00e4toimenpiteist\u00e4 koronavirustilanteen hoitamiseksi Suomessa. Osana n\u00e4it\u00e4 toimenpiteit\u00e4 julkiset kokoontumiset rajoitetaan kymmeneen henkil\u00f6\u00f6n ja tarpeetonta oleilua yleisill\u00e4 paikoilla suositellaan v\u00e4ltt\u00e4m\u00e4\u00e4n. Kymenlaakson Osakunnan Seniorit ry noudattaa hallituksen asettamia suosituksia ja linjauksia, mink\u00e4 vuoksi j\u00e4rjest\u00f6n hallitus on p\u00e4\u00e4tt\u00e4nyt siirt\u00e4\u00e4 vuosikokouksen osana poikkeusolojen toimenpiteit\u00e4 my\u00f6hemp\u00e4\u00e4n ajankohtaan. Sunnuntaille 22.3.2020 &hellip; <a href=\"http:\/\/kymenlaaksonosakunta.fi\/seniorit\/vuosikokous-siirtyy\/\" class=\"more-link\">Jatka artikkeliin <span class=\"screen-reader-text\">Vuosikokous siirtyy<\/span><\/a><\/p>\n","protected":false},"author":1,"featured_media":0,"comment_status":"closed","ping_status":"open","sticky":false,"template":"","format":"standard","meta":{"footnotes":""},"categories":[1],"tags":[],"class_list":["post-769","post","type-post","status-publish","format-standard","hentry","category-ajankohtaista"],"_links":{"self":[{"href":"http:\/\/kymenlaaksonosakunta.fi\/seniorit\/wp-json\/wp\/v2\/posts\/769","targetHints":{"allow":["GET"]}}],"collection":[{"href":"http:\/\/kymenlaaksonosakunta.fi\/seniorit\/wp-json\/wp\/v2\/posts"}],"about":[{"href":"http:\/\/kymenlaaksonosakunta.fi\/seniorit\/wp-json\/wp\/v2\/types\/post"}],"author":[{"embeddable":true,"href":"http:\/\/kymenlaaksonosakunta.fi\/seniorit\/wp-json\/wp\/v2\/users\/1"}],"replies":[{"embeddable":true,"href":"http:\/\/kymenlaaksonosakunta.fi\/seniorit\/wp-json\/wp\/v2\/comments?post=769"}],"version-history":[{"count":2,"href":"http:\/\/kymenlaaksonosakunta.fi\/seniorit\/wp-json\/wp\/v2\/posts\/769\/revisions"}],"predecessor-version":[{"id":771,"href":"http:\/\/kymenlaaksonosakunta.fi\/seniorit\/wp-json\/wp\/v2\/posts\/769\/revisions\/771"}],"wp:attachment":[{"href":"http:\/\/kymenlaaksonosakunta.fi\/seniorit\/wp-json\/wp\/v2\/media?parent=769"}],"wp:term":[{"taxonomy":"category","embeddable":true,"href":"http:\/\/kymenlaaksonosakunta.fi\/seniorit\/wp-json\/wp\/v2\/categories?post=769"},{"taxonomy":"post_tag","embeddable":true,"href":"http:\/\/kymenlaaksonosakunta.fi\/seniorit\/wp-json\/wp\/v2\/tags?post=769"}],"curies":[{"name":"wp","href":"https:\/\/api.w.org\/{rel}","templated":true}]}}