{"id":786,"date":"2020-06-12T00:10:30","date_gmt":"2020-06-11T21:10:30","guid":{"rendered":"http:\/\/kymenlaaksonosakunta.fi\/seniorit\/?p=786"},"modified":"2020-06-12T00:26:49","modified_gmt":"2020-06-11T21:26:49","slug":"toimintakausi-kaynnistyy","status":"publish","type":"post","link":"http:\/\/kymenlaaksonosakunta.fi\/seniorit\/toimintakausi-kaynnistyy\/","title":{"rendered":"Toimintakausi 2020-2021 k\u00e4ynnistyy"},"content":{"rendered":"<p>Maailmanlaajuinen poikkeustilanne on t\u00e4n\u00e4 kev\u00e4\u00e4n\u00e4 vaikuttanut my\u00f6s j\u00e4rjest\u00f6mme toimintaan. Kokoontumisrajoitusten\u00a0vuoksi vuosikokous p\u00e4\u00e4stiin j\u00e4rjest\u00e4m\u00e4\u00e4n vasta 31.5. ja kev\u00e4\u00e4n toimintakalenteri on n\u00e4ytt\u00e4nyt muiltakin osin v\u00e4h\u00e4n toisenlaiselta kuin mit\u00e4 alkuvuodesta suunniteltiin. Vaikka toimintakauden aloitus viiv\u00e4styi, on kokouksessa valittu uusi innokas hallitus nyt j\u00e4rjest\u00e4ytynyt ja alkanut suunnitella tulevaa toimintaa. Hallituksen kokoonpanon l\u00f6yd\u00e4t <a href=\"http:\/\/kymenlaaksonosakunta.fi\/seniorit\/yhteystiedot\/\">yhteystiedot<\/a>-sivulta.<\/p>\n<p>Kes\u00e4n tultua el\u00e4m\u00e4 alkaa pikku hiljaa palautua kohti normaalia ja KyOn Senioreidenkin toiminta k\u00e4ynnistyy pienen tauon j\u00e4lkeen. Tapahtumat l\u00f6ytyv\u00e4t\u00a0<a href=\"http:\/\/kymenlaaksonosakunta.fi\/seniorit\/kalenteri\/\">kalenterista<\/a>, ja niist\u00e4 tiedotetaan sen lis\u00e4ksi tarkemmin s\u00e4hk\u00f6postilistalla, Facebook-ryhm\u00e4ss\u00e4 sek\u00e4 WhatsApissa. Toivottavasti n\u00e4emme kes\u00e4ll\u00e4 iloisissa seniorimerkeiss\u00e4 poikkeuksellisesta tilanteesta huolimatta!<\/p>\n<p>Vuosikokouksessa p\u00e4\u00e4tettiin my\u00f6s j\u00e4senmaksun suuruus vuodelle 2020.<\/p>\n<p>Voit maksaa\u00a0j\u00e4senmaksun <strong>20 euroa<\/strong>\u00a0Kymenlaakson Osakunnan\u00a0Seniorit\u00a0ry:n tilille\u00a0Nordea <strong>FI82 1010 3000 2029 86<\/strong> k\u00e4ytt\u00e4en viitett\u00e4 <strong>20200<\/strong>. Maksun er\u00e4p\u00e4iv\u00e4 on <strong>1.7.2020<\/strong>.<\/p>\n<p>Muista t\u00e4ytt\u00e4\u00e4 my\u00f6s\u00a0<a href=\"http:\/\/kymenlaaksonosakunta.fi\/seniorit\/jaseneksi\/\" data-saferedirecturl=\"https:\/\/www.google.com\/url?q=http:\/\/kymenlaaksonosakunta.fi\/seniorit\/jaseneksi\/&amp;source=gmail&amp;ust=1591991210039000&amp;usg=AFQjCNG7OiDAU2Z-5xUNtifugBjT3PAGgQ\">j\u00e4sentietolomake<\/a>, ellet ole sit\u00e4 viel\u00e4 tehnyt.<\/p>\n","protected":false},"excerpt":{"rendered":"<p>Maailmanlaajuinen poikkeustilanne on t\u00e4n\u00e4 kev\u00e4\u00e4n\u00e4 vaikuttanut my\u00f6s j\u00e4rjest\u00f6mme toimintaan. Kokoontumisrajoitusten\u00a0vuoksi vuosikokous p\u00e4\u00e4stiin j\u00e4rjest\u00e4m\u00e4\u00e4n vasta 31.5. ja kev\u00e4\u00e4n toimintakalenteri on n\u00e4ytt\u00e4nyt muiltakin osin v\u00e4h\u00e4n toisenlaiselta kuin mit\u00e4 alkuvuodesta suunniteltiin. Vaikka toimintakauden aloitus viiv\u00e4styi, on kokouksessa valittu uusi innokas hallitus nyt j\u00e4rjest\u00e4ytynyt ja alkanut suunnitella tulevaa toimintaa. Hallituksen kokoonpanon l\u00f6yd\u00e4t yhteystiedot-sivulta. Kes\u00e4n tultua el\u00e4m\u00e4 alkaa pikku hiljaa &hellip; <a href=\"http:\/\/kymenlaaksonosakunta.fi\/seniorit\/toimintakausi-kaynnistyy\/\" class=\"more-link\">Jatka artikkeliin <span class=\"screen-reader-text\">Toimintakausi 2020-2021 k\u00e4ynnistyy<\/span><\/a><\/p>\n","protected":false},"author":1,"featured_media":0,"comment_status":"closed","ping_status":"open","sticky":false,"template":"","format":"standard","meta":{"footnotes":""},"categories":[1],"tags":[],"class_list":["post-786","post","type-post","status-publish","format-standard","hentry","category-ajankohtaista"],"_links":{"self":[{"href":"http:\/\/kymenlaaksonosakunta.fi\/seniorit\/wp-json\/wp\/v2\/posts\/786","targetHints":{"allow":["GET"]}}],"collection":[{"href":"http:\/\/kymenlaaksonosakunta.fi\/seniorit\/wp-json\/wp\/v2\/posts"}],"about":[{"href":"http:\/\/kymenlaaksonosakunta.fi\/seniorit\/wp-json\/wp\/v2\/types\/post"}],"author":[{"embeddable":true,"href":"http:\/\/kymenlaaksonosakunta.fi\/seniorit\/wp-json\/wp\/v2\/users\/1"}],"replies":[{"embeddable":true,"href":"http:\/\/kymenlaaksonosakunta.fi\/seniorit\/wp-json\/wp\/v2\/comments?post=786"}],"version-history":[{"count":7,"href":"http:\/\/kymenlaaksonosakunta.fi\/seniorit\/wp-json\/wp\/v2\/posts\/786\/revisions"}],"predecessor-version":[{"id":793,"href":"http:\/\/kymenlaaksonosakunta.fi\/seniorit\/wp-json\/wp\/v2\/posts\/786\/revisions\/793"}],"wp:attachment":[{"href":"http:\/\/kymenlaaksonosakunta.fi\/seniorit\/wp-json\/wp\/v2\/media?parent=786"}],"wp:term":[{"taxonomy":"category","embeddable":true,"href":"http:\/\/kymenlaaksonosakunta.fi\/seniorit\/wp-json\/wp\/v2\/categories?post=786"},{"taxonomy":"post_tag","embeddable":true,"href":"http:\/\/kymenlaaksonosakunta.fi\/seniorit\/wp-json\/wp\/v2\/tags?post=786"}],"curies":[{"name":"wp","href":"https:\/\/api.w.org\/{rel}","templated":true}]}}