{"id":99,"date":"2013-04-26T20:47:32","date_gmt":"2013-04-26T17:47:32","guid":{"rendered":"http:\/\/kymenlaaksonosakunta.fi\/kyoseniorit\/?p=99"},"modified":"2014-04-16T12:33:26","modified_gmt":"2014-04-16T09:33:26","slug":"vuosikokouksessa-valittiin-uusi-hallitus","status":"publish","type":"post","link":"http:\/\/kymenlaaksonosakunta.fi\/seniorit\/vuosikokouksessa-valittiin-uusi-hallitus\/","title":{"rendered":"Vuosikokouksessa 2013 valittiin uusi hallitus"},"content":{"rendered":"<p>Kymenlaakson Osakunnan Seniorit ry:n vuosikokous pidettiin sunnuntaina 14.4. 23 hengen voimin, joista kolme tosin katsoi parhaaksi leikki\u00e4 osakuntatilojen lehtihuoneen puolella kokouksen ajan.<\/p>\n<p>Kokouksessa k\u00e4siteltiin edellisen vuoden 2012 tilinp\u00e4\u00e4t\u00f6s ja toimintakertomus ja ne hyv\u00e4ksyttiin.<\/p>\n<figure id=\"attachment_102\" aria-describedby=\"caption-attachment-102\" style=\"width: 150px\" class=\"wp-caption alignright\"><a href=\"http:\/\/kymenlaaksonosakunta.fi\/seniorit\/wp-content\/uploads\/2013\/04\/IMG_1237.jpg\"><img loading=\"lazy\" decoding=\"async\" class=\"size-thumbnail wp-image-102\" alt=\"Uusi pj Joni\" src=\"http:\/\/kymenlaaksonosakunta.fi\/seniorit\/wp-content\/uploads\/2013\/04\/IMG_1237-150x150.jpg\" width=\"150\" height=\"150\" \/><\/a><figcaption id=\"caption-attachment-102\" class=\"wp-caption-text\">Uusi pj Joni<\/figcaption><\/figure>\n<p>Asialistalla oli my\u00f6s uuden hallituksen valitseminen. Monta kautta puheenjohtajan teht\u00e4v\u00e4\u00e4 kunniakkaasti hoitanut <strong>Kati Lassi<\/strong> ilmoitti v\u00e4istyv\u00e4ns\u00e4 teht\u00e4v\u00e4st\u00e4. Uudeksi puheenjohtajaksi kokous valitsi <strong>Joni Vehmaksen<\/strong>.<\/p>\n<p>Hallitukseen oli paljon hakijoita. T\u00e4yden viiden rivij\u00e4senen lis\u00e4ksi hallitusta avustamaan valittiin kolme hallituksen ulkopuolista virkailijaa.<\/p>\n<p>Hallituksen ensimm\u00e4isess\u00e4 kokouksessa vastuualueet jaettiin seuraavasti: <strong>Antti M\u00e4ntt\u00e4ri<\/strong>, taloudenhoitaja; <strong>Laura Hirvisaari<\/strong>, varapuheenjohtaja; muut hallituksen j\u00e4senet <strong>Antti Forsell, Lotta Mustamo<\/strong> ja <strong>Riku N\u00f6jd<\/strong>. Ulkopuolisista virkailijoista sihteerin teht\u00e4vi\u00e4 hoitaa <strong>Mari H\u00e4kkine<\/strong>n, tiedotuksesta vastaa <strong>Milja Ahtosalo<\/strong> ja suhteista muihin seniorij\u00e4rjest\u00f6ihin <strong>Maria R\u00e4m\u00f6<\/strong>.<\/p>\n<p style=\"text-align: left;\">Kokouksen j\u00e4lkeen nautittiin runsas ja herkullinen brunssi kuohuviineineen.<\/p>\n<p style=\"text-align: left;\"><a href=\"http:\/\/kymenlaaksonosakunta.fi\/seniorit\/wp-content\/uploads\/2013\/04\/IMG_1216.jpg\"><img loading=\"lazy\" decoding=\"async\" class=\"aligncenter size-large wp-image-110\" alt=\"IMG_1216\" src=\"http:\/\/kymenlaaksonosakunta.fi\/seniorit\/wp-content\/uploads\/2013\/04\/IMG_1216-1024x682.jpg\" width=\"660\" height=\"439\" \/><\/a><\/p>\n<p style=\"text-align: left;\"><a href=\"http:\/\/kymenlaaksonosakunta.fi\/seniorit\/wp-content\/uploads\/2013\/04\/IMG_1222.jpg\"><img loading=\"lazy\" decoding=\"async\" class=\"aligncenter size-large wp-image-109\" alt=\"IMG_1222\" src=\"http:\/\/kymenlaaksonosakunta.fi\/seniorit\/wp-content\/uploads\/2013\/04\/IMG_1222-1024x682.jpg\" width=\"660\" height=\"439\" \/><\/a><\/p>\n","protected":false},"excerpt":{"rendered":"<p>Kymenlaakson Osakunnan Seniorit ry:n vuosikokous pidettiin sunnuntaina 14.4. 23 hengen voimin, joista kolme tosin katsoi parhaaksi leikki\u00e4 osakuntatilojen lehtihuoneen puolella kokouksen ajan. Kokouksessa k\u00e4siteltiin edellisen vuoden 2012 tilinp\u00e4\u00e4t\u00f6s ja toimintakertomus ja ne hyv\u00e4ksyttiin. Asialistalla oli my\u00f6s uuden hallituksen valitseminen. Monta kautta puheenjohtajan teht\u00e4v\u00e4\u00e4 kunniakkaasti hoitanut Kati Lassi ilmoitti v\u00e4istyv\u00e4ns\u00e4 teht\u00e4v\u00e4st\u00e4. Uudeksi puheenjohtajaksi kokous valitsi Joni &hellip; <a href=\"http:\/\/kymenlaaksonosakunta.fi\/seniorit\/vuosikokouksessa-valittiin-uusi-hallitus\/\" class=\"more-link\">Jatka artikkeliin <span class=\"screen-reader-text\">Vuosikokouksessa 2013 valittiin uusi hallitus<\/span><\/a><\/p>\n","protected":false},"author":1,"featured_media":0,"comment_status":"closed","ping_status":"open","sticky":false,"template":"","format":"standard","meta":{"footnotes":""},"categories":[1,2],"tags":[],"class_list":["post-99","post","type-post","status-publish","format-standard","hentry","category-ajankohtaista","category-tapahtumat"],"_links":{"self":[{"href":"http:\/\/kymenlaaksonosakunta.fi\/seniorit\/wp-json\/wp\/v2\/posts\/99","targetHints":{"allow":["GET"]}}],"collection":[{"href":"http:\/\/kymenlaaksonosakunta.fi\/seniorit\/wp-json\/wp\/v2\/posts"}],"about":[{"href":"http:\/\/kymenlaaksonosakunta.fi\/seniorit\/wp-json\/wp\/v2\/types\/post"}],"author":[{"embeddable":true,"href":"http:\/\/kymenlaaksonosakunta.fi\/seniorit\/wp-json\/wp\/v2\/users\/1"}],"replies":[{"embeddable":true,"href":"http:\/\/kymenlaaksonosakunta.fi\/seniorit\/wp-json\/wp\/v2\/comments?post=99"}],"version-history":[{"count":14,"href":"http:\/\/kymenlaaksonosakunta.fi\/seniorit\/wp-json\/wp\/v2\/posts\/99\/revisions"}],"predecessor-version":[{"id":273,"href":"http:\/\/kymenlaaksonosakunta.fi\/seniorit\/wp-json\/wp\/v2\/posts\/99\/revisions\/273"}],"wp:attachment":[{"href":"http:\/\/kymenlaaksonosakunta.fi\/seniorit\/wp-json\/wp\/v2\/media?parent=99"}],"wp:term":[{"taxonomy":"category","embeddable":true,"href":"http:\/\/kymenlaaksonosakunta.fi\/seniorit\/wp-json\/wp\/v2\/categories?post=99"},{"taxonomy":"post_tag","embeddable":true,"href":"http:\/\/kymenlaaksonosakunta.fi\/seniorit\/wp-json\/wp\/v2\/tags?post=99"}],"curies":[{"name":"wp","href":"https:\/\/api.w.org\/{rel}","templated":true}]}}