{"id":1154,"date":"2022-09-06T19:55:21","date_gmt":"2022-09-06T16:55:21","guid":{"rendered":"https:\/\/kymenlaaksonosakunta.fi\/?p=1154"},"modified":"2023-06-04T08:44:26","modified_gmt":"2023-06-04T05:44:26","slug":"syksyn-tapahtumat","status":"publish","type":"post","link":"https:\/\/kymenlaaksonosakunta.fi\/sv\/2022\/09\/06\/syksyn-tapahtumat\/","title":{"rendered":"Syksyn tapahtumat"},"content":{"rendered":"<p>Osakunta on taas her\u00e4nnyt eloon kes\u00e4n j\u00e4lkeen! T\u00e4ss\u00e4 lista t\u00e4m\u00e4n syksyn tapahtumista:<\/p>\n\n\n\n<p><br>Pe 25.8. It\u00e4-Suomalaiset kes\u00e4juhlat, eli 5 it\u00e4suomalaista osakuntaa sitsaavat yhdess\u00e4.<br>La 2.9. Fuksipuisto<br>Ma 4.9. Avajaiskarnevaalit ja Fuksidisko<br>Pe 8.9. KyOn Uusien ilta 1<br>Ke 13.9. Osakunnan kokous<br>To 14.9. DGO:n yhteinen grilli-ilta M\u00e4kel\u00e4nrinteess\u00e4<br>La 16.9. KyOn Rapujuhlat<br>To 28.9. Fuksiseikkailu<br>Ke 11.10. Osakunnan kokous<br>La 14.10. Fuksisitsit<br>Ti 17.10. KyOn Uusien ilta 2<br>Pe 20.10. DGO:n Fuksiaiset<br>La 21.10. KyO-WiO yst\u00e4vyyssopimus 90 vuotta<br>Ke 25.10. DGO:N debatti<br>Pe 3.11. Osakunta-appro<br>La 4.11. Rajanylitys<br>Ke 8.11. Osakunnan kokous<br>Pe 17.11. DGO:N fuksibileet<br>Ke 22.11. Vaalikokous<br>La 2.12. teemasitsit<br>Ke 6.12. Itsen\u00e4isyysp\u00e4iv\u00e4n juhla ja ylioppilaiden soihtukulkue<br>La 9.12. DGO:n pikkujoulut<br>Ke 13.12. Osakunnan kokous<br>Ti 26.12. Tapsan tanssit maakunnassa<\/p>","protected":false},"excerpt":{"rendered":"<p>Osakunta on taas her\u00e4nnyt eloon kes\u00e4n j\u00e4lkeen! T\u00e4ss\u00e4 lista t\u00e4m\u00e4n syksyn tapahtumista: Pe 25.8. It\u00e4-Suomalaiset kes\u00e4juhlat, eli 5 it\u00e4suomalaista osakuntaa sitsaavat yhdess\u00e4.La 2.9. FuksipuistoMa 4.9. Avajaiskarnevaalit ja FuksidiskoPe 8.9. KyOn Uusien ilta 1Ke 13.9. Osakunnan kokousTo 14.9. DGO:n yhteinen grilli-ilta M\u00e4kel\u00e4nrinteess\u00e4La 16.9. KyOn RapujuhlatTo 28.9. FuksiseikkailuKe 11.10. Osakunnan kokousLa 14.10. FuksisitsitTi 17.10. KyOn Uusien ilta &hellip; <\/p>\n<p class=\"link-more\"><a href=\"https:\/\/kymenlaaksonosakunta.fi\/sv\/2022\/09\/06\/syksyn-tapahtumat\/\" class=\"more-link\">L\u00e4s mer<span class=\"screen-reader-text\"> \u201dSyksyn tapahtumat\u201d<\/span><\/a><\/p>","protected":false},"author":5,"featured_media":0,"comment_status":"closed","ping_status":"open","sticky":false,"template":"","format":"standard","meta":{"footnotes":""},"categories":[1],"tags":[],"class_list":["post-1154","post","type-post","status-publish","format-standard","hentry","category-yleinen"],"_links":{"self":[{"href":"https:\/\/kymenlaaksonosakunta.fi\/sv\/wp-json\/wp\/v2\/posts\/1154","targetHints":{"allow":["GET"]}}],"collection":[{"href":"https:\/\/kymenlaaksonosakunta.fi\/sv\/wp-json\/wp\/v2\/posts"}],"about":[{"href":"https:\/\/kymenlaaksonosakunta.fi\/sv\/wp-json\/wp\/v2\/types\/post"}],"author":[{"embeddable":true,"href":"https:\/\/kymenlaaksonosakunta.fi\/sv\/wp-json\/wp\/v2\/users\/5"}],"replies":[{"embeddable":true,"href":"https:\/\/kymenlaaksonosakunta.fi\/sv\/wp-json\/wp\/v2\/comments?post=1154"}],"version-history":[{"count":3,"href":"https:\/\/kymenlaaksonosakunta.fi\/sv\/wp-json\/wp\/v2\/posts\/1154\/revisions"}],"predecessor-version":[{"id":1209,"href":"https:\/\/kymenlaaksonosakunta.fi\/sv\/wp-json\/wp\/v2\/posts\/1154\/revisions\/1209"}],"wp:attachment":[{"href":"https:\/\/kymenlaaksonosakunta.fi\/sv\/wp-json\/wp\/v2\/media?parent=1154"}],"wp:term":[{"taxonomy":"category","embeddable":true,"href":"https:\/\/kymenlaaksonosakunta.fi\/sv\/wp-json\/wp\/v2\/categories?post=1154"},{"taxonomy":"post_tag","embeddable":true,"href":"https:\/\/kymenlaaksonosakunta.fi\/sv\/wp-json\/wp\/v2\/tags?post=1154"}],"curies":[{"name":"wp","href":"https:\/\/api.w.org\/{rel}","templated":true}]}}