{"id":1163,"date":"2022-09-06T18:00:30","date_gmt":"2022-09-06T15:00:30","guid":{"rendered":"https:\/\/kymenlaaksonosakunta.fi\/?p=1163"},"modified":"2022-09-06T20:51:46","modified_gmt":"2022-09-06T17:51:46","slug":"ylimaarinen-osakunnan-kokous-7-9-klo-1800","status":"publish","type":"post","link":"https:\/\/kymenlaaksonosakunta.fi\/sv\/2022\/09\/06\/ylimaarinen-osakunnan-kokous-7-9-klo-1800\/","title":{"rendered":"Ylim\u00e4\u00e4rinen osakunnan kokous 7.9. klo. 18:00"},"content":{"rendered":"<p>Tervetuloa ylim\u00e4\u00e4r\u00e4iseen\u00a0osakunnan\u00a0kokoukseen keskiviikkona 7.9. klo<br>18.00.\u00a0Kokous\u00a0j\u00e4rjestet\u00e4\u00e4n osakuntatiloissamme Domus Gaudiumin<br>Alexander-klusterissa osoitteessa Lepp\u00e4suonkatu 11, 00100 Helsinki. My\u00f6s<br>et\u00e4osallistuminen on mahdollista. Kokoukseen ovat tervetulleita kaikki<br>osakunnan\u00a0j\u00e4senet. L\u00e4sn\u00e4olonne on t\u00e4rke\u00e4\u00e4, ei ainoastaan p\u00e4\u00e4t\u00f6svaltaisen<br>kokouksen toteutumiseksi, vaan jotta kunniaj\u00e4senemme tarjoaman m\u00f6kin<br>vastaanottamisesta saadaan tehty\u00e4 joko puoltava tai kielt\u00e4v\u00e4 p\u00e4\u00e4t\u00f6s<br>mahdollisimman suurella joukolla.<\/p>\n\n\n\n<p>Ohessa&nbsp;kokousta koskevat liitteet.<\/p>\n\n\n\n<p>Esityslista:<br><a href=\"https:\/\/kymenlaaksonosakunta.fi\/sv\/documents\/esityslistat\/2022\/kyo_osko_esli_7-22.pdf\/\" target=\"_blank\" rel=\"noreferrer noopener\">https:\/\/kymenlaaksonosakunta.fi\/documents\/esityslistat\/2022\/kyo_osko_esli_7-22.pdf<\/a><\/p>\n\n\n\n<p>M\u00f6kkitoimikunnan tekem\u00e4 tietopaketti m\u00f6kkiprojektista:<br><a href=\"https:\/\/docs.google.com\/document\/d\/1-uzReUvM58_wHOljl8wLrfj34ZirTczwR2Xa9nbkt4I\/edit?usp=sharing\" target=\"_blank\" rel=\"noreferrer noopener\">https:\/\/docs.google.com\/document\/d\/1-uzReUvM58_wHOljl8wLrfj34ZirTczwR2Xa9nbkt4I\/edit?usp=sharing<\/a><\/p>\n\n\n\n<p>HUOM! Luethan tietopaketin huolella. Eth\u00e4n my\u00f6sk\u00e4\u00e4n ep\u00e4r\u00f6i esitt\u00e4\u00e4<br>kysymyksi\u00e4 projektia koskevista asioista, mik\u00e4li niit\u00e4 her\u00e4\u00e4.<br>M\u00f6kkitoimikuntaa vet\u00e4v\u00e4 toiminnanohjaajamme Roni Vatto vastaa mielell\u00e4\u00e4n<br>kaikkiin aihetta ja infopakettia koskeviin kysymyksiin.<\/p>","protected":false},"excerpt":{"rendered":"<p>Tervetuloa ylim\u00e4\u00e4r\u00e4iseen\u00a0osakunnan\u00a0kokoukseen keskiviikkona 7.9. klo18.00.\u00a0Kokous\u00a0j\u00e4rjestet\u00e4\u00e4n osakuntatiloissamme Domus GaudiuminAlexander-klusterissa osoitteessa Lepp\u00e4suonkatu 11, 00100 Helsinki. My\u00f6set\u00e4osallistuminen on mahdollista. Kokoukseen ovat tervetulleita kaikkiosakunnan\u00a0j\u00e4senet. L\u00e4sn\u00e4olonne on t\u00e4rke\u00e4\u00e4, ei ainoastaan p\u00e4\u00e4t\u00f6svaltaisenkokouksen toteutumiseksi, vaan jotta kunniaj\u00e4senemme tarjoaman m\u00f6kinvastaanottamisesta saadaan tehty\u00e4 joko puoltava tai kielt\u00e4v\u00e4 p\u00e4\u00e4t\u00f6smahdollisimman suurella joukolla. Ohessa&nbsp;kokousta koskevat liitteet. Esityslista:https:\/\/kymenlaaksonosakunta.fi\/documents\/esityslistat\/2022\/kyo_osko_esli_7-22.pdf M\u00f6kkitoimikunnan tekem\u00e4 tietopaketti m\u00f6kkiprojektista:https:\/\/docs.google.com\/document\/d\/1-uzReUvM58_wHOljl8wLrfj34ZirTczwR2Xa9nbkt4I\/edit?usp=sharing HUOM! Luethan tietopaketin huolella. Eth\u00e4n my\u00f6sk\u00e4\u00e4n &hellip; <\/p>\n<p class=\"link-more\"><a href=\"https:\/\/kymenlaaksonosakunta.fi\/sv\/2022\/09\/06\/ylimaarinen-osakunnan-kokous-7-9-klo-1800\/\" class=\"more-link\">Read more<span class=\"screen-reader-text\"> &#8221;Ylim\u00e4\u00e4rinen osakunnan kokous 7.9. klo. 18:00&#8221;<\/span><\/a><\/p>","protected":false},"author":1,"featured_media":0,"comment_status":"closed","ping_status":"open","sticky":false,"template":"","format":"standard","meta":{"footnotes":""},"categories":[1],"tags":[],"class_list":["post-1163","post","type-post","status-publish","format-standard","hentry","category-yleinen"],"_links":{"self":[{"href":"https:\/\/kymenlaaksonosakunta.fi\/sv\/wp-json\/wp\/v2\/posts\/1163","targetHints":{"allow":["GET"]}}],"collection":[{"href":"https:\/\/kymenlaaksonosakunta.fi\/sv\/wp-json\/wp\/v2\/posts"}],"about":[{"href":"https:\/\/kymenlaaksonosakunta.fi\/sv\/wp-json\/wp\/v2\/types\/post"}],"author":[{"embeddable":true,"href":"https:\/\/kymenlaaksonosakunta.fi\/sv\/wp-json\/wp\/v2\/users\/1"}],"replies":[{"embeddable":true,"href":"https:\/\/kymenlaaksonosakunta.fi\/sv\/wp-json\/wp\/v2\/comments?post=1163"}],"version-history":[{"count":1,"href":"https:\/\/kymenlaaksonosakunta.fi\/sv\/wp-json\/wp\/v2\/posts\/1163\/revisions"}],"predecessor-version":[{"id":1164,"href":"https:\/\/kymenlaaksonosakunta.fi\/sv\/wp-json\/wp\/v2\/posts\/1163\/revisions\/1164"}],"wp:attachment":[{"href":"https:\/\/kymenlaaksonosakunta.fi\/sv\/wp-json\/wp\/v2\/media?parent=1163"}],"wp:term":[{"taxonomy":"category","embeddable":true,"href":"https:\/\/kymenlaaksonosakunta.fi\/sv\/wp-json\/wp\/v2\/categories?post=1163"},{"taxonomy":"post_tag","embeddable":true,"href":"https:\/\/kymenlaaksonosakunta.fi\/sv\/wp-json\/wp\/v2\/tags?post=1163"}],"curies":[{"name":"wp","href":"https:\/\/api.w.org\/{rel}","templated":true}]}}